{"id":81,"date":"2024-06-04T13:23:21","date_gmt":"2024-06-04T11:23:21","guid":{"rendered":"https:\/\/www.aikido-guermantes.fr\/?p=81"},"modified":"2024-06-04T13:25:43","modified_gmt":"2024-06-04T11:25:43","slug":"deplacement-a-bezons","status":"publish","type":"post","link":"https:\/\/www.aikido-guermantes.fr\/index.php\/2024\/06\/04\/deplacement-a-bezons\/","title":{"rendered":"D\u00e9placement \u00e0 Bezons"},"content":{"rendered":"\n<p>Week-end studieux les 25 et 26 mai dernier. Alain Peyrache \u00e9tait de passage \u00e0 Bezons o\u00f9 l&rsquo;attendaient 100 aikidokas !<\/p>\n\n\n\n<figure class=\"wp-block-image size-thumbnail\"><img loading=\"lazy\" decoding=\"async\" width=\"150\" height=\"150\" src=\"https:\/\/www.aikido-guermantes.fr\/wp-content\/uploads\/2024\/06\/aikido-bezons-logo-150x150.jpg\" alt=\"aikido stage paris ile de france bezons peyrache\" class=\"wp-image-82\" srcset=\"https:\/\/www.aikido-guermantes.fr\/wp-content\/uploads\/2024\/06\/aikido-bezons-logo-150x150.jpg 150w, https:\/\/www.aikido-guermantes.fr\/wp-content\/uploads\/2024\/06\/aikido-bezons-logo-300x300.jpg 300w, https:\/\/www.aikido-guermantes.fr\/wp-content\/uploads\/2024\/06\/aikido-bezons-logo.jpg 470w\" sizes=\"auto, (max-width: 150px) 100vw, 150px\" \/><\/figure>\n","protected":false},"excerpt":{"rendered":"<p>Week-end studieux les 25 et 26 mai dernier. Alain Peyrache \u00e9tait de passage \u00e0 Bezons o\u00f9 l&rsquo;attendaient 100 aikidokas !<\/p>\n","protected":false},"author":1,"featured_media":0,"comment_status":"closed","ping_status":"open","sticky":false,"template":"","format":"standard","meta":{"footnotes":""},"categories":[1],"tags":[],"class_list":["post-81","post","type-post","status-publish","format-standard","hentry","category-non-classe"],"_links":{"self":[{"href":"https:\/\/www.aikido-guermantes.fr\/index.php\/wp-json\/wp\/v2\/posts\/81","targetHints":{"allow":["GET"]}}],"collection":[{"href":"https:\/\/www.aikido-guermantes.fr\/index.php\/wp-json\/wp\/v2\/posts"}],"about":[{"href":"https:\/\/www.aikido-guermantes.fr\/index.php\/wp-json\/wp\/v2\/types\/post"}],"author":[{"embeddable":true,"href":"https:\/\/www.aikido-guermantes.fr\/index.php\/wp-json\/wp\/v2\/users\/1"}],"replies":[{"embeddable":true,"href":"https:\/\/www.aikido-guermantes.fr\/index.php\/wp-json\/wp\/v2\/comments?post=81"}],"version-history":[{"count":4,"href":"https:\/\/www.aikido-guermantes.fr\/index.php\/wp-json\/wp\/v2\/posts\/81\/revisions"}],"predecessor-version":[{"id":86,"href":"https:\/\/www.aikido-guermantes.fr\/index.php\/wp-json\/wp\/v2\/posts\/81\/revisions\/86"}],"wp:attachment":[{"href":"https:\/\/www.aikido-guermantes.fr\/index.php\/wp-json\/wp\/v2\/media?parent=81"}],"wp:term":[{"taxonomy":"category","embeddable":true,"href":"https:\/\/www.aikido-guermantes.fr\/index.php\/wp-json\/wp\/v2\/categories?post=81"},{"taxonomy":"post_tag","embeddable":true,"href":"https:\/\/www.aikido-guermantes.fr\/index.php\/wp-json\/wp\/v2\/tags?post=81"}],"curies":[{"name":"wp","href":"https:\/\/api.w.org\/{rel}","templated":true}]}}